{"id":476,"date":"2025-10-31T16:43:52","date_gmt":"2025-10-31T15:43:52","guid":{"rendered":"https:\/\/bym.ovver.es\/?p=476"},"modified":"2025-10-31T16:43:53","modified_gmt":"2025-10-31T15:43:53","slug":"bym-ingenieros-y-el-programa-avalem-joves","status":"publish","type":"post","link":"https:\/\/bym.ovver.es\/index.php\/bym-ingenieros-y-el-programa-avalem-joves\/","title":{"rendered":"ByM Ingenieros y el programa Avalem Joves"},"content":{"rendered":"\n<p><em>El LABORA Servicio Valenciano de Empleo y Formaci\u00f3n ha concedido a BYM Ingenieros SL una subvenci\u00f3n bajo el Programa de fomento de la contrataci\u00f3n indefinida de personas j\u00f3venes cualificadas (AVALEM JOVES)&nbsp;<\/em><em>, en el marco del Sistema Nacional de Garant\u00eda Juvenil, regulado en la Orden 8\/2018, de 25 de junio de 2018, de la Conseller\u00eda de Econom\u00eda Sostenible, Sectores Productivos, Comercio y Trabajo, publicada en el DOGV de 28 de junio de 2018. Dicha subvenci\u00f3n contempla los siguientes puntos:<\/em><\/p>\n\n\n\n<p>\u00d8&nbsp;<strong>&nbsp;<em>Entidad p\u00fablica concedente:<\/em><\/strong><em>&nbsp;GENERALITAT VALENCIANA-LABORA, Subdirecci\u00f3n General de Empleo.<\/em><\/p>\n\n\n\n<p>\u00d8&nbsp;&nbsp;<em><strong>Importe recibido:<\/strong>&nbsp;23.940 EUROS.<\/em><\/p>\n\n\n\n<p>\u00d8&nbsp;<strong>&nbsp;<em>Objetivo:&nbsp;<\/em><\/strong><em>fomentar la contrataci\u00f3n indefinida de personas j\u00f3venes cualificadas (AVALEM JOVES), en el marco del Sistema Nacional de Garant\u00eda Juvenil, regulado en la Orden 8\/2018, de 25 de junio de 2018, de la Conselleria de Econom\u00eda Sostenible, Sectores Productivos, Comercio y Trabajo, publicada en el DOGV de 28 de junio de 2018.<\/em><\/p>\n\n\n\n<p>\u00d8&nbsp;<strong>&nbsp;<em>Finalidad:<\/em><\/strong><em>&nbsp;fomento de empleo para la contrataci\u00f3n indefinida de personas j\u00f3venes cualificadas (AVALEM JOVES), en el marco del Sistema Nacional de Garant\u00eda Juvenil.<\/em><\/p>\n\n\n\n<p>\u00d8&nbsp;&nbsp;<em><strong>Beneficiarios<\/strong>: UNA TRABAJADOR CON titulaci\u00f3n de GRADO MEDIO de Formaci\u00f3n Profesional CONTRATADO A JORNADA COMPLETA Y DE FORMA INDEFINIDA.<\/em><\/p>\n","protected":false},"excerpt":{"rendered":"<p>El LABORA Servicio Valenciano de Empleo y Formaci\u00f3n ha concedido a BYM Ingenieros SL una subvenci\u00f3n bajo el Programa de fomento de la contrataci\u00f3n indefinida de personas j\u00f3venes cualificadas (AVALEM JOVES)&nbsp;, en el marco del Sistema Nacional de Garant\u00eda Juvenil, regulado en la Orden 8\/2018, de 25 de junio de 2018, de la Conseller\u00eda de [&hellip;]<\/p>\n","protected":false},"author":1,"featured_media":477,"comment_status":"open","ping_status":"open","sticky":false,"template":"","format":"standard","meta":{"_et_pb_use_builder":"off","_et_pb_old_content":"","_et_gb_content_width":"","footnotes":""},"categories":[1],"tags":[],"class_list":["post-476","post","type-post","status-publish","format-standard","has-post-thumbnail","hentry","category-sin-categoria"],"_links":{"self":[{"href":"https:\/\/bym.ovver.es\/index.php\/wp-json\/wp\/v2\/posts\/476","targetHints":{"allow":["GET"]}}],"collection":[{"href":"https:\/\/bym.ovver.es\/index.php\/wp-json\/wp\/v2\/posts"}],"about":[{"href":"https:\/\/bym.ovver.es\/index.php\/wp-json\/wp\/v2\/types\/post"}],"author":[{"embeddable":true,"href":"https:\/\/bym.ovver.es\/index.php\/wp-json\/wp\/v2\/users\/1"}],"replies":[{"embeddable":true,"href":"https:\/\/bym.ovver.es\/index.php\/wp-json\/wp\/v2\/comments?post=476"}],"version-history":[{"count":1,"href":"https:\/\/bym.ovver.es\/index.php\/wp-json\/wp\/v2\/posts\/476\/revisions"}],"predecessor-version":[{"id":478,"href":"https:\/\/bym.ovver.es\/index.php\/wp-json\/wp\/v2\/posts\/476\/revisions\/478"}],"wp:featuredmedia":[{"embeddable":true,"href":"https:\/\/bym.ovver.es\/index.php\/wp-json\/wp\/v2\/media\/477"}],"wp:attachment":[{"href":"https:\/\/bym.ovver.es\/index.php\/wp-json\/wp\/v2\/media?parent=476"}],"wp:term":[{"taxonomy":"category","embeddable":true,"href":"https:\/\/bym.ovver.es\/index.php\/wp-json\/wp\/v2\/categories?post=476"},{"taxonomy":"post_tag","embeddable":true,"href":"https:\/\/bym.ovver.es\/index.php\/wp-json\/wp\/v2\/tags?post=476"}],"curies":[{"name":"wp","href":"https:\/\/api.w.org\/{rel}","templated":true}]}}