{"id":468,"date":"2025-10-31T16:38:26","date_gmt":"2025-10-31T15:38:26","guid":{"rendered":"https:\/\/bym.ovver.es\/?p=468"},"modified":"2025-10-31T16:39:34","modified_gmt":"2025-10-31T15:39:34","slug":"programa-ecovul-2021","status":"publish","type":"post","link":"https:\/\/bym.ovver.es\/index.php\/programa-ecovul-2021\/","title":{"rendered":"Programa ECOVUL 2021"},"content":{"rendered":"\n<p><strong>Programa de fomento de la contrataci\u00f3n indefinida de determinados colectivos vulnerables en el \u00e1mbito territorial de la Comunitat Valenciana<\/strong><\/p>\n\n\n\n<p>Se ha recibido de LABORA Servicio Valenciano de Empleo y Formaci\u00f3n una subvenci\u00f3n del programa indicado por la contrataci\u00f3n indefinida y a jornada completa de persona\/s desempleada\/s pertenecientes a colectivos vulnerables, actuaci\u00f3n susceptible de cofinanciaci\u00f3n por Programa Operativo del Fondo Social Europeo 2014-2020 de la Comunitat Valenciana o cualquier otro fondo de la Uni\u00f3n Europea.<\/p>\n","protected":false},"excerpt":{"rendered":"<p>Programa de fomento de la contrataci\u00f3n indefinida de determinados colectivos vulnerables en el \u00e1mbito territorial de la Comunitat Valenciana Se ha recibido de LABORA Servicio Valenciano de Empleo y Formaci\u00f3n una subvenci\u00f3n del programa indicado por la contrataci\u00f3n indefinida y a jornada completa de persona\/s desempleada\/s pertenecientes a colectivos vulnerables, actuaci\u00f3n susceptible de cofinanciaci\u00f3n por [&hellip;]<\/p>\n","protected":false},"author":1,"featured_media":469,"comment_status":"open","ping_status":"open","sticky":false,"template":"","format":"standard","meta":{"_et_pb_use_builder":"off","_et_pb_old_content":"","_et_gb_content_width":"","footnotes":""},"categories":[1],"tags":[],"class_list":["post-468","post","type-post","status-publish","format-standard","has-post-thumbnail","hentry","category-sin-categoria"],"_links":{"self":[{"href":"https:\/\/bym.ovver.es\/index.php\/wp-json\/wp\/v2\/posts\/468","targetHints":{"allow":["GET"]}}],"collection":[{"href":"https:\/\/bym.ovver.es\/index.php\/wp-json\/wp\/v2\/posts"}],"about":[{"href":"https:\/\/bym.ovver.es\/index.php\/wp-json\/wp\/v2\/types\/post"}],"author":[{"embeddable":true,"href":"https:\/\/bym.ovver.es\/index.php\/wp-json\/wp\/v2\/users\/1"}],"replies":[{"embeddable":true,"href":"https:\/\/bym.ovver.es\/index.php\/wp-json\/wp\/v2\/comments?post=468"}],"version-history":[{"count":2,"href":"https:\/\/bym.ovver.es\/index.php\/wp-json\/wp\/v2\/posts\/468\/revisions"}],"predecessor-version":[{"id":471,"href":"https:\/\/bym.ovver.es\/index.php\/wp-json\/wp\/v2\/posts\/468\/revisions\/471"}],"wp:featuredmedia":[{"embeddable":true,"href":"https:\/\/bym.ovver.es\/index.php\/wp-json\/wp\/v2\/media\/469"}],"wp:attachment":[{"href":"https:\/\/bym.ovver.es\/index.php\/wp-json\/wp\/v2\/media?parent=468"}],"wp:term":[{"taxonomy":"category","embeddable":true,"href":"https:\/\/bym.ovver.es\/index.php\/wp-json\/wp\/v2\/categories?post=468"},{"taxonomy":"post_tag","embeddable":true,"href":"https:\/\/bym.ovver.es\/index.php\/wp-json\/wp\/v2\/tags?post=468"}],"curies":[{"name":"wp","href":"https:\/\/api.w.org\/{rel}","templated":true}]}}